{"id":3068,"date":"2023-01-10T21:20:45","date_gmt":"2023-01-10T20:20:45","guid":{"rendered":"https:\/\/www.allersretoursasso.fr\/?p=3068"},"modified":"2024-12-07T14:41:36","modified_gmt":"2024-12-07T13:41:36","slug":"retour-sur-la-selection-2023","status":"publish","type":"post","link":"https:\/\/www.allersretoursasso.fr\/zh\/2023\/01\/10\/retour-sur-la-selection-2023\/","title":{"rendered":"\u5f71\u5c552023\u2014\u2014\u65c5\u7a0b\u91cd\u542f\u4e4b\u5e74"},"content":{"rendered":"<div id=\"fb-root\"><\/div>\n\t\t<div data-elementor-type=\"wp-post\" data-elementor-id=\"3068\" class=\"elementor elementor-3068\">\n\t\t\t\t\t\t\t\t\t<section class=\"elementor-section elementor-top-section elementor-element elementor-element-4abfc1b1 elementor-section-boxed elementor-section-height-default elementor-section-height-default\" data-id=\"4abfc1b1\" data-element_type=\"section\">\n\t\t\t\t\t\t<div class=\"elementor-container elementor-column-gap-default\">\n\t\t\t\t\t<div class=\"elementor-column elementor-col-100 elementor-top-column elementor-element elementor-element-e685fc6\" data-id=\"e685fc6\" data-element_type=\"column\">\n\t\t\t<div class=\"elementor-widget-wrap elementor-element-populated\">\n\t\t\t\t\t\t\t\t<div class=\"elementor-element elementor-element-34861f9b elementor-widget elementor-widget-text-editor\" data-id=\"34861f9b\" data-element_type=\"widget\" data-widget_type=\"text-editor.default\">\n\t\t\t\t<div class=\"elementor-widget-container\">\n\t\t\t\t\t\t\t<h1 style=\"box-sizing: inherit; margin-bottom: 0.25em; font-weight: bold; display: var(--page-title-display); color: #333333;\"><span style=\"font-size: 18pt;\">2023\u5c55\u6620\u2014\u2014\u65c5\u7a0b\u91cd\u542f\u4e4b\u5e74<\/span><\/h1>\n<p><br \/><a href=\"https:\/\/www.allersretoursasso.fr\/zh\/annee-festival-2023\/\"><span style=\"font-weight: 400;\">La cinqui\u00e8me \u00e9dition du <\/span><b>Festival Allers-Retours du cin\u00e9ma d&#8217;auteur chinois<\/b><\/a><span style=\"font-weight: 400;\">, qui s\u2019ouvrira au mus\u00e9e Guimet le 3 f\u00e9vrier 2023, proposera au public parisien<a href=\"https:\/\/www.allersretoursasso.fr\/zh\/annee-festival-2023\/\"> 9 longs et 6 courts-m\u00e9trages<\/a>. Pour cette nouvelle \u00e9dition, le festival met \u00e0 nouveau l\u2019accent sur les auteurs eux-m\u00eames et leur individualit\u00e9, et comment la notion m\u00eame de \u00ab cin\u00e9ma d\u2019auteur \u00bb est constamment red\u00e9finie par l\u2019arriv\u00e9e d\u2019une nouvelle g\u00e9n\u00e9ration.\u00a0<br \/><a href=\"https:\/\/www.allersretoursasso.fr\/zh\/annee-festival-2023\/\" target=\"_self\">\u7b2c\u4e94\u5c4a<b>\u4f5c\u8005\u7535\u5f71\u5c55<\/b><\/a>\u5373\u5c06\u4e8e 2023\u5e742 \u67083\u65e5\u665a\uff0c\u5728\u5409\u7f8e\u56fd\u7acb\u4e9a\u6d32\u827a\u672f\u535a\u7269\u9986(Mus\u00e9e Guimet)\u5f00\u5e55\u3002 \u5e76\u57282\u67083\u65e5\u81f32\u670812\u65e5\u671f\u95f4\uff0c \u4e8eMus\u00e9e Guimet\u548cStudio des Ursulines\u4e3a\u5df4\u9ece\u89c2\u4f17\u5e26\u6765<a href=\"https:\/\/www.allersretoursasso.fr\/zh\/annee-festival-2023\/\" target=\"_self\">9\u90e8\u957f\u7247\u548c6\u90e8\u77ed\u7247<\/a>\u3002<br \/><\/span><\/p>\n<p><span style=\"font-weight: 400;\">\u8fc7\u53bb\u7684\u4e09\u5e74\u91cc\uff0c\u7ecf\u5386\u4e86\u4e16\u754c\u8303\u56f4\u5185\u7684\u52a8\u8361\u4e0e\u53d8\u9769\uff0c\u65f6\u4ee3\u53c8\u7ed9\u7535\u5f71\u4f5c\u8005\u4eec\u7559\u4e0b\u4e86\u600e\u6837\u7684\u5370\u8bb0\uff1f\u8fd9\u4e2a\u95ee\u9898\u4e5f\u8bb8\u9700\u8981\u66f4\u591a\u65f6\u95f4\u624d\u80fd\u56de\u7b54\u3002\u5e0c\u671b\u8fd9\u7ec4\u7edd\u5927\u591a\u6570\u57282020\u5e74\u75ab\u60c5\u540e\u62cd\u6444\u5b8c\u6210\u7684\uff0c\u55bb\u793a\u7740\u300c\u65c5\u7a0b\u91cd\u542f\u300d\u7684\u534e\u8bed\u4f5c\u54c1\uff0c\u80fd\u5e26\u7ed9\u89c2\u4f17\u4e00\u79cd\u65b0\u751f\u7684\u3001\u6d41\u52a8\u7684\u5e0c\u671b\u3002<br \/>\u8fc7\u53bb\u7684\u4e09\u5e74\u91cc\uff0c\u7ecf\u5386\u4e86\u4e16\u754c\u8303\u56f4\u5185\u7684\u52a8\u8361\u4e0e\u53d8\u9769\uff0c\u65f6\u4ee3\u53c8\u7ed9\u7535\u5f71\u4f5c\u8005\u4eec\u7559\u4e0b\u4e86\u600e\u6837\u7684\u5370\u8bb0\uff1f\u8fd9\u4e2a\u95ee\u9898\u4e5f\u8bb8\u9700\u8981\u66f4\u591a\u65f6\u95f4\u624d\u80fd\u56de\u7b54\u3002\u5e0c\u671b\u8fd9\u7ec4\u7edd\u5927\u591a\u6570\u57282020\u5e74\u75ab\u60c5\u540e\u62cd\u6444\u5b8c\u6210\u7684\uff0c\u55bb\u793a\u7740\u300c\u65c5\u7a0b\u91cd\u542f\u300d\u7684\u534e\u8bed\u4f5c\u54c1\uff0c\u80fd\u5e26\u7ed9\u89c2\u4f17\u4e00\u79cd\u65b0\u751f\u7684\u3001\u6d41\u52a8\u7684\u5e0c\u671b\u3002<br \/><\/span><\/p>\n<p><\/p><\/div><\/div><\/div><\/div><\/div><\/section><\/div> <a href=\"https:\/\/www.allersretoursasso.fr\/zh\/2023\/01\/10\/retour-sur-la-selection-2023\/#more-3068\" class=\"more-link elementor-more-link\"><span aria-label=\"\u7ee7\u7eed\u9605\u8bfbS\u00e9lection 2023 : Reprise du voyage apr\u00e8s une longue escale\">(\u66f4\u591a&hellip;)<\/span><\/a>","protected":false},"excerpt":{"rendered":"<p>2023\u5c55\u6620\u2014\u2014\u65c5\u7a0b\u91cd\u542f\u4e4b\u5e74 La cinqui\u00e8me \u00e9dition du Festival Allers-Retours du cin\u00e9ma d&#8217;auteur chinois, qui s\u2019ouvrira au mus\u00e9e Guimet le 3 f\u00e9vrier 2023, proposera au public parisien 9 longs et 6 courts-m\u00e9trages. Pour cette nouvelle \u00e9dition, le festival met \u00e0 nouveau l\u2019accent sur les auteurs eux-m\u00eames et leur individualit\u00e9, et comment la notion m\u00eame de \u00ab cin\u00e9ma d\u2019auteur &hellip; <\/p>\n<p class=\"link-more\"><a href=\"https:\/\/www.allersretoursasso.fr\/zh\/2023\/01\/10\/retour-sur-la-selection-2023\/\" class=\"more-link\">\u7ee7\u7eed\u9605\u8bfb<span class=\"screen-reader-text\">\u201cS\u00e9lection 2023 : Reprise du voyage apr\u00e8s une longue escale\u201d<\/span><\/a><\/p>","protected":false},"author":1,"featured_media":2789,"comment_status":"open","ping_status":"open","sticky":false,"template":"","format":"standard","meta":{"footnotes":""},"categories":[35],"tags":[117],"_links":{"self":[{"href":"https:\/\/www.allersretoursasso.fr\/zh\/wp-json\/wp\/v2\/posts\/3068"}],"collection":[{"href":"https:\/\/www.allersretoursasso.fr\/zh\/wp-json\/wp\/v2\/posts"}],"about":[{"href":"https:\/\/www.allersretoursasso.fr\/zh\/wp-json\/wp\/v2\/types\/post"}],"author":[{"embeddable":true,"href":"https:\/\/www.allersretoursasso.fr\/zh\/wp-json\/wp\/v2\/users\/1"}],"replies":[{"embeddable":true,"href":"https:\/\/www.allersretoursasso.fr\/zh\/wp-json\/wp\/v2\/comments?post=3068"}],"version-history":[{"count":13,"href":"https:\/\/www.allersretoursasso.fr\/zh\/wp-json\/wp\/v2\/posts\/3068\/revisions"}],"predecessor-version":[{"id":5468,"href":"https:\/\/www.allersretoursasso.fr\/zh\/wp-json\/wp\/v2\/posts\/3068\/revisions\/5468"}],"wp:featuredmedia":[{"embeddable":true,"href":"https:\/\/www.allersretoursasso.fr\/zh\/wp-json\/wp\/v2\/media\/2789"}],"wp:attachment":[{"href":"https:\/\/www.allersretoursasso.fr\/zh\/wp-json\/wp\/v2\/media?parent=3068"}],"wp:term":[{"taxonomy":"category","embeddable":true,"href":"https:\/\/www.allersretoursasso.fr\/zh\/wp-json\/wp\/v2\/categories?post=3068"},{"taxonomy":"post_tag","embeddable":true,"href":"https:\/\/www.allersretoursasso.fr\/zh\/wp-json\/wp\/v2\/tags?post=3068"}],"curies":[{"name":"wp","href":"https:\/\/api.w.org\/{rel}","templated":true}]}}