{"id":554,"date":"2019-02-12T16:35:12","date_gmt":"2019-02-12T15:35:12","guid":{"rendered":"https:\/\/www.allersretoursasso.fr\/?p=554"},"modified":"2019-07-03T12:08:49","modified_gmt":"2019-07-03T10:08:49","slug":"reservez-fcac-2019","status":"publish","type":"post","link":"https:\/\/www.allersretoursasso.fr\/zh\/2019\/02\/12\/reservez-fcac-2019\/","title":{"rendered":"R\u00e9servez vos places pour le FCAC 2019 !"},"content":{"rendered":"<div id=\"fb-root\"><\/div>\n<p>Apr\u00e8s cette attente insoutenable, nous avons (enfin) le planning d\u00e9finitif des s\u00e9ances :<\/p>\n<figure id=\"attachment_556\" aria-describedby=\"caption-attachment-556\" style=\"width: 300px\" class=\"wp-caption alignnone\"><a href=\"https:\/\/www.allersretoursasso.fr\/zh\/docs\/programme-2019.pdf\/#zoom=200\" target=\"_blank\" rel=\"noopener\"><img loading=\"lazy\" decoding=\"async\" class=\"wp-image-556 size-medium\" src=\"https:\/\/www.allersretoursasso.fr\/wp-content\/uploads\/2019\/02\/vignette-programme2019-300x300.jpg\" alt=\"Festival du cin\u00e9ma d'auteur chinois 2019 agenda\" width=\"300\" height=\"300\" srcset=\"https:\/\/www.allersretoursasso.fr\/wp-content\/uploads\/2019\/02\/vignette-programme2019-300x300.jpg 300w, https:\/\/www.allersretoursasso.fr\/wp-content\/uploads\/2019\/02\/vignette-programme2019-150x150.jpg 150w, https:\/\/www.allersretoursasso.fr\/wp-content\/uploads\/2019\/02\/vignette-programme2019-768x770.jpg 768w, https:\/\/www.allersretoursasso.fr\/wp-content\/uploads\/2019\/02\/vignette-programme2019-1021x1024.jpg 1021w, https:\/\/www.allersretoursasso.fr\/wp-content\/uploads\/2019\/02\/vignette-programme2019-100x100.jpg 100w, https:\/\/www.allersretoursasso.fr\/wp-content\/uploads\/2019\/02\/vignette-programme2019-350x351.jpg 350w, https:\/\/www.allersretoursasso.fr\/wp-content\/uploads\/2019\/02\/vignette-programme2019.jpg 1167w\" sizes=\"(max-width: 300px) 100vw, 300px\" \/><\/a><figcaption id=\"caption-attachment-556\" class=\"wp-caption-text\">Cliquez pour agrandir<\/figcaption><\/figure>\n<p><!--more--><\/p>\n<p><a href=\"https:\/\/www.billetweb.fr\/festival-du-cinema-dauteur-chinois2019\" target=\"_blank\" rel=\"noopener\">La billetterie en ligne est ouverte<\/a>, alors r\u00e9servez vite vos places !<\/p>\n<p>N&#8217;oubliez pas de suivre l&#8217;\u00e9v\u00e9nement sur <a href=\"https:\/\/www.facebook.com\/events\/490755321455289\/\" target=\"_blank\" rel=\"noopener\">Facebook<\/a>, <a href=\"https:\/\/twitter.com\/AllersRetours\" target=\"_blank\" rel=\"noopener\">Twitter<\/a> ou <a href=\"https:\/\/www.instagram.com\/FCAC2019\/\" target=\"_blank\" rel=\"noopener\">Instagram<\/a> pour recevoir toutes les infos !<\/p>\n<p>Nous avons quelques films suppl\u00e9mentaires en plus de la s\u00e9lection d\u00e9j\u00e0 annonc\u00e9e :<\/p>\n<ul>\n<li>Un long-m\u00e9trage, <a href=\"https:\/\/www.allersretoursasso.fr\/zh\/films\/trois-aventures-brooke-%e6%98%9f%e6%ba%aa%e7%9a%84%e4%b8%89%e6%ac%a1%e5%a5%87%e9%81%87-yuan-qing-%e7%ab%b9%e5%8e%9f%e9%9d%92\/\" target=\"_blank\" rel=\"noopener\"><em>\u300a\u661f\u6eaa\u7684\u4e09\u6b21\u5947\u9047\u300b<\/em><\/a> \u661f\u6eaa\u7684\u4e09\u6b21\u5947\u9047 de la jeune Yuan Qing \u7af9\u539f\u9752, premier film aux accents rohm\u00e9riens avec Pascal Greggory, que nous mettons \u00e0 l&#8217;honneur cette ann\u00e9e puisqu&#8217;il sera notre film d&#8217;ouverture.<\/li>\n<li>Un court-m\u00e9trage d&#8217;animation, <a href=\"https:\/\/www.allersretoursasso.fr\/zh\/films\/splash-%e6%b0%b4%e8%8a%b1-shen-jie-%e6%b2%88%e6%9d%b0\/\" target=\"_blank\" rel=\"noopener\"><em>Splash<\/em><\/a> \u6c34\u82b1 de Shen Jie \u6c88\u6770, qui vient d&#8217;entrer en comp\u00e9tition \u00e0 Berlin !<\/li>\n<li>Un documentaire sur l&#8217;\u00e9tonnant <a href=\"https:\/\/www.allersretoursasso.fr\/zh\/films\/she-%e5%a5%b3%e4%bb%96-zhou-shengwei-%e5%91%a8%e5%9c%a3%e5%b4%b4\/\" target=\"_blank\" rel=\"noopener\"><em>SHe<\/em> \u5973\u4ed6<\/a>, <em>\u300a\u4ed6\u7684\u5979\u300b<\/em> \u4ed6\u7684\u5979, de HAN Yafeng et ZHANG Xinjie, qui sera projet\u00e9 sur les m\u00eames s\u00e9ances.<\/li>\n<\/ul>\n<p>D&#8217;autres surprises \u00e0 venir, alors restez \u00e0 l&#8217;\u00e9coute&#8230;<\/p>\n<div class=\"back_festival\"><a href=\"https:\/\/www.allersretoursasso.fr\/zh\/annee\/festival-2019\/\">\u8fd4\u56de2019\u5e74\u9009\u7247<\/a><\/div>","protected":false},"excerpt":{"rendered":"<p>Apr\u00e8s cette attente insoutenable, nous avons (enfin) le planning d\u00e9finitif des s\u00e9ances :<\/p>","protected":false},"author":1,"featured_media":0,"comment_status":"open","ping_status":"open","sticky":false,"template":"","format":"standard","meta":{"footnotes":""},"categories":[35],"tags":[37],"_links":{"self":[{"href":"https:\/\/www.allersretoursasso.fr\/zh\/wp-json\/wp\/v2\/posts\/554"}],"collection":[{"href":"https:\/\/www.allersretoursasso.fr\/zh\/wp-json\/wp\/v2\/posts"}],"about":[{"href":"https:\/\/www.allersretoursasso.fr\/zh\/wp-json\/wp\/v2\/types\/post"}],"author":[{"embeddable":true,"href":"https:\/\/www.allersretoursasso.fr\/zh\/wp-json\/wp\/v2\/users\/1"}],"replies":[{"embeddable":true,"href":"https:\/\/www.allersretoursasso.fr\/zh\/wp-json\/wp\/v2\/comments?post=554"}],"version-history":[{"count":11,"href":"https:\/\/www.allersretoursasso.fr\/zh\/wp-json\/wp\/v2\/posts\/554\/revisions"}],"predecessor-version":[{"id":679,"href":"https:\/\/www.allersretoursasso.fr\/zh\/wp-json\/wp\/v2\/posts\/554\/revisions\/679"}],"wp:attachment":[{"href":"https:\/\/www.allersretoursasso.fr\/zh\/wp-json\/wp\/v2\/media?parent=554"}],"wp:term":[{"taxonomy":"category","embeddable":true,"href":"https:\/\/www.allersretoursasso.fr\/zh\/wp-json\/wp\/v2\/categories?post=554"},{"taxonomy":"post_tag","embeddable":true,"href":"https:\/\/www.allersretoursasso.fr\/zh\/wp-json\/wp\/v2\/tags?post=554"}],"curies":[{"name":"wp","href":"https:\/\/api.w.org\/{rel}","templated":true}]}}